{"id":2705,"date":"2018-10-05T08:37:51","date_gmt":"2018-10-05T06:37:51","guid":{"rendered":"http:\/\/cdos82.fr\/?p=2705"},"modified":"2018-10-11T08:44:56","modified_gmt":"2018-10-11T06:44:56","slug":"federation-francaise-de-vol-en-planeur","status":"publish","type":"post","link":"https:\/\/cdos82.fr\/?p=2705","title":{"rendered":"F\u00e9d\u00e9ration Fran\u00e7aise de Vol en Planeur"},"content":{"rendered":"<p>La F\u00e9d\u00e9ration Fran\u00e7aise de Vol \u00e0 Voile &#8211; FFVV &#8211; vient de changer de nom le 01\/10.<br \/>\nElle s&rsquo;appelle d\u00e9sormais la F\u00e9d\u00e9ration Fran\u00e7aise de Vol en Planeur &#8211; FFVP.<\/p>\n<p>&nbsp;<\/p>\n<p><img loading=\"lazy\" decoding=\"async\" class=\"size-medium wp-image-2707 aligncenter\" src=\"http:\/\/cdos82.fr\/wp-content\/uploads\/2018\/10\/logoFFVP-300x262.jpg\" alt=\"\" width=\"300\" height=\"262\" srcset=\"https:\/\/cdos82.fr\/wp-content\/uploads\/2018\/10\/logoFFVP-300x262.jpg 300w, https:\/\/cdos82.fr\/wp-content\/uploads\/2018\/10\/logoFFVP-768x672.jpg 768w, https:\/\/cdos82.fr\/wp-content\/uploads\/2018\/10\/logoFFVP.jpg 948w\" sizes=\"auto, (max-width: 300px) 100vw, 300px\" \/><\/p>\n","protected":false},"excerpt":{"rendered":"<p>La F\u00e9d\u00e9ration Fran\u00e7aise de Vol \u00e0 Voile &#8211; FFVV &#8211; vient de changer de nom le 01\/10. Elle s&rsquo;appelle d\u00e9sormais la F\u00e9d\u00e9ration Fran\u00e7aise de Vol en Planeur &#8211; FFVP. &nbsp;<\/p>\n","protected":false},"author":1,"featured_media":2707,"comment_status":"closed","ping_status":"open","sticky":false,"template":"","format":"standard","meta":{"footnotes":""},"categories":[2],"tags":[],"class_list":["post-2705","post","type-post","status-publish","format-standard","has-post-thumbnail","hentry","category-blog"],"_links":{"self":[{"href":"https:\/\/cdos82.fr\/index.php?rest_route=\/wp\/v2\/posts\/2705","targetHints":{"allow":["GET"]}}],"collection":[{"href":"https:\/\/cdos82.fr\/index.php?rest_route=\/wp\/v2\/posts"}],"about":[{"href":"https:\/\/cdos82.fr\/index.php?rest_route=\/wp\/v2\/types\/post"}],"author":[{"embeddable":true,"href":"https:\/\/cdos82.fr\/index.php?rest_route=\/wp\/v2\/users\/1"}],"replies":[{"embeddable":true,"href":"https:\/\/cdos82.fr\/index.php?rest_route=%2Fwp%2Fv2%2Fcomments&post=2705"}],"version-history":[{"count":3,"href":"https:\/\/cdos82.fr\/index.php?rest_route=\/wp\/v2\/posts\/2705\/revisions"}],"predecessor-version":[{"id":2711,"href":"https:\/\/cdos82.fr\/index.php?rest_route=\/wp\/v2\/posts\/2705\/revisions\/2711"}],"wp:featuredmedia":[{"embeddable":true,"href":"https:\/\/cdos82.fr\/index.php?rest_route=\/wp\/v2\/media\/2707"}],"wp:attachment":[{"href":"https:\/\/cdos82.fr\/index.php?rest_route=%2Fwp%2Fv2%2Fmedia&parent=2705"}],"wp:term":[{"taxonomy":"category","embeddable":true,"href":"https:\/\/cdos82.fr\/index.php?rest_route=%2Fwp%2Fv2%2Fcategories&post=2705"},{"taxonomy":"post_tag","embeddable":true,"href":"https:\/\/cdos82.fr\/index.php?rest_route=%2Fwp%2Fv2%2Ftags&post=2705"}],"curies":[{"name":"wp","href":"https:\/\/api.w.org\/{rel}","templated":true}]}}