{"id":3099,"date":"2022-02-07T09:10:39","date_gmt":"2022-02-07T08:10:39","guid":{"rendered":"http:\/\/cdos82.fr\/?p=3099"},"modified":"2022-02-07T09:10:39","modified_gmt":"2022-02-07T08:10:39","slug":"semaine-olympique-et-paralympique-2022%e2%80%af","status":"publish","type":"post","link":"https:\/\/cdos82.fr\/?p=3099","title":{"rendered":"Semaine Olympique et Paralympique 2022\u202f"},"content":{"rendered":"<p>&nbsp;<\/p>\n<h1 style=\"text-align: center;\">Semaine Olympique et Paralympique 2022<\/h1>\n<p>&nbsp;<\/p>\n<p>Comme chaque ann\u00e9e, la\u00a0<strong>Semaine Olympique et Paralympique<\/strong> \u00e0 l&rsquo;\u00e9cole fait son grand\u00a0retour,\u00a0avec\u00a0Thomas Pesquet comme parrain exceptionnel,\u00a0avec\u00a0pour mission d\u2019\u00e9veiller les \u00e9l\u00e8ves aux bienfaits de la pratique sportive\u00a0r\u00e9guli\u00e8re !<\/p>\n<p>Cette ann\u00e9e,\u00a0la <a href=\"https:\/\/generation.paris2024.org\/semaine-olympique-et-paralympique\">Semaine Olympique et Paralympique<\/a>\u00a0se\u00a0d\u00e9roule\u00a0du <strong>24 au 29 Janvier 2022<\/strong>\u00a0sur l\u2019ensemble du territoire fran\u00e7ais, en m\u00e9tropole et outre-mer, ainsi que dans les \u00e9tablissements scolaires fran\u00e7ais \u00e0 l\u2019\u00e9tranger.\u00a0C&rsquo;est une semaine pour promouvoir la pratique sportive chez les jeunes et mobiliser la communaut\u00e9 \u00e9ducative autour des valeurs citoyennes et sportives inscrites dans l&rsquo;ADN de l&rsquo;Olympisme et du\u00a0Paralympisme.<\/p>\n<p>Elle\u00a0rassemble\u00a0700\u202f000 \u00e9l\u00e8ves\u00a0et\u00a0enseignants\u00a0dans les 4\u202f700 \u00e9coles et \u00e9tablissements mobilis\u00e9s,\u00a0ainsi que les collectivit\u00e9s territoriales et les acteurs du mouvement sportif,\u00a0autour\u00a0 de\u00a0la\u00a0pratique\u00a0de\u00a0diff\u00e9rentes disciplines sportives,\u00a0la d\u00e9couverte du\u00a0mouvement olympique et paralympique mais aussi\u00a0pour\u00a0changer leur regard sur le handicap.<\/p>\n<p>Cette ann\u00e9e, la th\u00e9matique portera sur l<strong>e sport pour l\u2019environnement et le climat<\/strong>.<\/p>\n<p>Une fois n&rsquo;est pas coutume, l&rsquo;\u00e9quipe Terre de Jeux 2024 vous\u00a0a donn\u00e9\u00a0rendez-vous pour participer \u00e0 un <strong>challenge<\/strong> et tenter de remporter l&rsquo;une des\u00a0neufs\u00a0r\u00e9compenses mises en jeu.<\/p>\n<p>Les neuf projets\u00a0les plus\u00a0engageants\u00a0ont \u00e9t\u00e9 s\u00e9lectionn\u00e9s parmi\u00a0plus de 120 candidatures afin de recevoir une des r\u00e9compenses offertes.<\/p>\n<p>Au programme, l\u2019accueil d\u2019un athl\u00e8te\u00a0ambassadeur\u00a0Terre de Jeux 2024, le d\u00e9placement d\u2019une \u00e9quipe Paris 2024 qui r\u00e9alisera un contenu vid\u00e9o autour de l\u2019\u00e9v\u00e9nement organis\u00e9\u00a0ou la r\u00e9ception d\u2019un kit #ExploreTerredeJeux2024.<\/p>\n<p>Voici les laur\u00e9ats du\u00a0challenge SOP x Terre de Jeux 2024\u202f:<\/p>\n<p><strong>Visite d\u2019un athl\u00e8te\u202f:<\/strong><\/p>\n<ul role=\"list\">\n<li role=\"listitem\" aria-setsize=\"-1\" data-aria-level=\"1\" data-aria-posinset=\"1\" data-font=\"Symbol\" data-leveltext=\"\uf0b7\" data-listid=\"3\"><a href=\"https:\/\/www.facebook.com\/villededax\/photos\/pcb.5277544368945885\/5277317005635288\/\">Commune\u00a0de\u00a0Dax<\/a>\u00a0(Landes) avec la visite de Perle Bouge\u00a0&#8211;\u00a0Mardi 25 janvier<\/li>\n<li role=\"listitem\" aria-setsize=\"-1\" data-aria-level=\"1\" data-aria-posinset=\"1\" data-font=\"Symbol\" data-leveltext=\"\uf0b7\" data-listid=\"3\">Commune de\u00a0Carquefou\u00a0(Loire-Atlantique) avec la visite de Damien Seguin\u00a0&#8211; Jeudi 27 janvier\u202f- <em>Report\u00e9 en raison de la situation sanitaire<\/em><\/li>\n<li role=\"listitem\" aria-setsize=\"-1\" data-aria-level=\"1\" data-aria-posinset=\"3\" data-font=\"Symbol\" data-leveltext=\"\uf0b7\" data-listid=\"3\"><a href=\"https:\/\/villedebeausoleil.fr\/en-route-pour-la-semaine-olympique-et-paralympique-2022\/\">Commune de\u00a0Beausoleil<\/a>\u00a0(Var) avec la visite de Fabien\u00a0Gilot\u00a0&#8211; Vendredi 28 janvier<\/li>\n<\/ul>\n<p><strong>Vid\u00e9o reportage\u00a0:\u00a0<\/strong><\/p>\n<ul role=\"list\">\n<li role=\"listitem\" aria-setsize=\"-1\" data-aria-level=\"1\" data-aria-posinset=\"1\" data-font=\"Symbol\" data-leveltext=\"\uf0b7\" data-listid=\"4\"><a href=\"https:\/\/www.facebook.com\/watch\/?extid=CL-UNK-UNK-UNK-IOS_GK0T-GK1C&amp;v=3146331572312552\">Commune de Gravelines<\/a>\u00a0(Nord) &#8211; Lundi 24 janvier<\/li>\n<li role=\"listitem\" aria-setsize=\"-1\" data-aria-level=\"1\" data-aria-posinset=\"2\" data-font=\"Symbol\" data-leveltext=\"\uf0b7\" data-listid=\"4\"><a href=\"https:\/\/www.facebook.com\/watch\/?v=1341103649672898\">Commune de Billy-Berclau<\/a>\u00a0(Pas-de-Calais)\u00a0&#8211; Mardi 25 janvier<\/li>\n<li role=\"listitem\" aria-setsize=\"-1\" data-aria-level=\"1\" data-aria-posinset=\"3\" data-font=\"Symbol\" data-leveltext=\"\uf0b7\" data-listid=\"4\"><a href=\"https:\/\/www.facebook.com\/Versailles.officiel\/photos\/a.290774394290145\/5096152723752264\/\">Commune de Versailles<\/a>\u00a0(Yvelines) &#8211; Vendredi 28 janvier<\/li>\n<\/ul>\n<p><strong>Kit\u00a0#ExploreTerredeJeux2024\u00a0:\u00a0<\/strong><\/p>\n<ul role=\"list\">\n<li role=\"listitem\" aria-setsize=\"-1\" data-aria-level=\"1\" data-aria-posinset=\"1\" data-font=\"Symbol\" data-leveltext=\"\uf0b7\" data-listid=\"5\">Collectivit\u00e9 territoriale de Guyane<\/li>\n<li role=\"listitem\" aria-setsize=\"-1\" data-aria-level=\"1\" data-aria-posinset=\"2\" data-font=\"Symbol\" data-leveltext=\"\uf0b7\" data-listid=\"5\">Commune de M\u00e9ral\u00a0(Mayenne)<\/li>\n<li role=\"listitem\" aria-setsize=\"-1\" data-aria-level=\"1\" data-aria-posinset=\"3\" data-font=\"Symbol\" data-leveltext=\"\uf0b7\" data-listid=\"5\">\n<h2><strong><span style=\"color: #ff0000;\">Commune de Montauban\u00a0(Occitanie)\u00a0<\/span>\u00a0<\/strong><\/h2>\n<\/li>\n<\/ul>\n<p>&nbsp;<\/p>\n","protected":false},"excerpt":{"rendered":"<p>Encore plus de sport dans les \u00e9coles avec le challenge Terre de Jeux 2024<\/p>\n","protected":false},"author":1,"featured_media":3100,"comment_status":"closed","ping_status":"open","sticky":false,"template":"","format":"standard","meta":{"footnotes":""},"categories":[2],"tags":[],"class_list":["post-3099","post","type-post","status-publish","format-standard","has-post-thumbnail","hentry","category-blog"],"_links":{"self":[{"href":"https:\/\/cdos82.fr\/index.php?rest_route=\/wp\/v2\/posts\/3099","targetHints":{"allow":["GET"]}}],"collection":[{"href":"https:\/\/cdos82.fr\/index.php?rest_route=\/wp\/v2\/posts"}],"about":[{"href":"https:\/\/cdos82.fr\/index.php?rest_route=\/wp\/v2\/types\/post"}],"author":[{"embeddable":true,"href":"https:\/\/cdos82.fr\/index.php?rest_route=\/wp\/v2\/users\/1"}],"replies":[{"embeddable":true,"href":"https:\/\/cdos82.fr\/index.php?rest_route=%2Fwp%2Fv2%2Fcomments&post=3099"}],"version-history":[{"count":1,"href":"https:\/\/cdos82.fr\/index.php?rest_route=\/wp\/v2\/posts\/3099\/revisions"}],"predecessor-version":[{"id":3101,"href":"https:\/\/cdos82.fr\/index.php?rest_route=\/wp\/v2\/posts\/3099\/revisions\/3101"}],"wp:featuredmedia":[{"embeddable":true,"href":"https:\/\/cdos82.fr\/index.php?rest_route=\/wp\/v2\/media\/3100"}],"wp:attachment":[{"href":"https:\/\/cdos82.fr\/index.php?rest_route=%2Fwp%2Fv2%2Fmedia&parent=3099"}],"wp:term":[{"taxonomy":"category","embeddable":true,"href":"https:\/\/cdos82.fr\/index.php?rest_route=%2Fwp%2Fv2%2Fcategories&post=3099"},{"taxonomy":"post_tag","embeddable":true,"href":"https:\/\/cdos82.fr\/index.php?rest_route=%2Fwp%2Fv2%2Ftags&post=3099"}],"curies":[{"name":"wp","href":"https:\/\/api.w.org\/{rel}","templated":true}]}}