{"id":3110,"date":"2022-03-04T10:07:52","date_gmt":"2022-03-04T09:07:52","guid":{"rendered":"http:\/\/cdos82.fr\/?p=3110"},"modified":"2022-03-04T10:07:52","modified_gmt":"2022-03-04T09:07:52","slug":"offre-formations-a-distance-responsabilites-des-dirigeants-et-relancer-son-activite","status":"publish","type":"post","link":"https:\/\/cdos82.fr\/?p=3110","title":{"rendered":"Offre Formations \u00e0 distance  \u00ab\u00a0Responsabilit\u00e9s des dirigeants\u00a0\u00bb et \u00ab\u00a0Relancer son activit\u00e9\u00a0\u00bb"},"content":{"rendered":"<p class=\"m_-5882584394323403614xmsonormal0\">Madame, Monsieur,<u><\/u><u><\/u><\/p>\n<p class=\"m_-5882584394323403614xmsonormal\">Nous vous informons <b>qu\u2019il reste des places<\/b> pour participer aux formations suivantes\u00a0: <u><\/u><u><\/u><\/p>\n<p class=\"m_-5882584394323403614xmsonormal\"><u><\/u>\u00a0<u><\/u><\/p>\n<ul type=\"disc\">\n<li class=\"m_-5882584394323403614xmsonormal\"><b>\u00ab\u00a0Responsabilit\u00e9s et assurances des dirigeants sportifs\u00a0\u00bb<\/b> qui aura lieu en visioconf\u00e9rence (via Zoom) <u>le Vendredi 11 Mars et le Samedi 12 Mars 2022, de 9h \u00e0 12h30<\/u>.<b> <\/b><br \/>\nProgramme et lien pour acc\u00e9der au formulaire d\u2019inscription (en bas \u00e0 droite de la page Internet\u00a0en cliquant sur : \u00ab\u00a0Inscrivez-vous\u00a0\u00bb)\u00a0: <u><br \/>\n<\/u><a href=\"http:\/\/www.cros-occitanie.fr\/formations\/2022-3-responsabilites-et-assurances-des-dirigeants-sportifs-n24\" target=\"_blank\" rel=\"noopener noreferrer\" data-saferedirecturl=\"https:\/\/www.google.com\/url?q=http:\/\/www.cros-occitanie.fr\/formations\/2022-3-responsabilites-et-assurances-des-dirigeants-sportifs-n24&amp;source=gmail&amp;ust=1646469333085000&amp;usg=AOvVaw2P7JJ66iJBURJy1K4bSq7g\">http:\/\/www.cros-occitanie.fr\/<wbr \/>formations\/2022-3-<wbr \/>responsabilites-et-assurances-<wbr \/>des-dirigeants-sportifs-n24<\/a><u><\/u><u><\/u><\/li>\n<\/ul>\n<p class=\"m_-5882584394323403614xmsonormal\"><u><\/u>\u00a0<u><\/u><\/p>\n<ul type=\"disc\">\n<li class=\"m_-5882584394323403614xmsonormal\"><b>\u00ab\u00a0Relancer son activit\u00e9 associative sportive\u00a0\u00bb<\/b> qui aura lieu en visioconf\u00e9rence (via Zoom) <u>le Jeudi 17 Mars et le Vendredi 18 Mars 2022, de 9h \u00e0 12h30<\/u>.<b> <\/b><br \/>\nProgramme et lien pour acc\u00e9der au formulaire d\u2019inscription (en bas \u00e0 droite de la page Internet\u00a0en cliquant sur : \u00ab\u00a0Inscrivez-vous\u00a0\u00bb)\u00a0: <u><br \/>\n<\/u><a href=\"http:\/\/www.cros-occitanie.fr\/formations\/2022-3-relancer-son-activite-associative-sportive%C2%A0-n35\" target=\"_blank\" rel=\"noopener noreferrer\" data-saferedirecturl=\"https:\/\/www.google.com\/url?q=http:\/\/www.cros-occitanie.fr\/formations\/2022-3-relancer-son-activite-associative-sportive%25C2%25A0-n35&amp;source=gmail&amp;ust=1646469333085000&amp;usg=AOvVaw30MN9DsgKnzhLQhTV9AS_K\">http:\/\/www.cros-occitanie.fr\/<wbr \/>formations\/2022-3-relancer-<wbr \/>son-activite-associative-<wbr \/>sportive%C2%A0-n35<\/a><u><\/u><u><\/u><\/li>\n<\/ul>\n<p><u>Rappel des tarifs\u00a0:<\/u><br \/>\n&#8211; 20\u20ac pour les dirigeants b\u00e9n\u00e9voles, b\u00e9n\u00e9voles et salari\u00e9s<br \/>\n&#8211; 30 \u20ac pour les personnes en service civique et stagiaires \u00a0<u><\/u><u><\/u><\/p>\n<p><b>Nous vous remercions de bien vouloir diffuser cette information le plus largement possible au sein de votre r\u00e9seau (comit\u00e9s d\u00e9partementaux, clubs\u2026).<\/b><\/p>\n<p><img loading=\"lazy\" decoding=\"async\" class=\"aligncenter size-full wp-image-3111\" src=\"http:\/\/cdos82.fr\/wp-content\/uploads\/2022\/03\/Formation-photo-011.jpg\" alt=\"\" width=\"546\" height=\"453\" srcset=\"https:\/\/cdos82.fr\/wp-content\/uploads\/2022\/03\/Formation-photo-011.jpg 546w, https:\/\/cdos82.fr\/wp-content\/uploads\/2022\/03\/Formation-photo-011-300x249.jpg 300w\" sizes=\"auto, (max-width: 546px) 100vw, 546px\" \/><\/p>\n<p><img loading=\"lazy\" decoding=\"async\" class=\"aligncenter size-full wp-image-3112\" src=\"http:\/\/cdos82.fr\/wp-content\/uploads\/2022\/03\/Formation-photo-012.jpg\" alt=\"\" width=\"546\" height=\"423\" srcset=\"https:\/\/cdos82.fr\/wp-content\/uploads\/2022\/03\/Formation-photo-012.jpg 546w, https:\/\/cdos82.fr\/wp-content\/uploads\/2022\/03\/Formation-photo-012-300x232.jpg 300w\" sizes=\"auto, (max-width: 546px) 100vw, 546px\" \/><\/p>\n<p>&nbsp;<\/p>\n<p>&nbsp;<\/p>\n<p>&nbsp;<\/p>\n<p class=\"m_790694769314607959xmsonormal\">\n","protected":false},"excerpt":{"rendered":"<p>Il reste des places pour participer aux formations \u00ab\u00a0Responsabilit\u00e9s et assurances des dirigeants sportifs\u00a0\u00bb et \u00ab\u00a0Relancer son activit\u00e9 associative sportive\u00a0\u00bb<\/p>\n","protected":false},"author":1,"featured_media":3113,"comment_status":"closed","ping_status":"open","sticky":false,"template":"","format":"standard","meta":{"footnotes":""},"categories":[2],"tags":[],"class_list":["post-3110","post","type-post","status-publish","format-standard","has-post-thumbnail","hentry","category-blog"],"_links":{"self":[{"href":"https:\/\/cdos82.fr\/index.php?rest_route=\/wp\/v2\/posts\/3110","targetHints":{"allow":["GET"]}}],"collection":[{"href":"https:\/\/cdos82.fr\/index.php?rest_route=\/wp\/v2\/posts"}],"about":[{"href":"https:\/\/cdos82.fr\/index.php?rest_route=\/wp\/v2\/types\/post"}],"author":[{"embeddable":true,"href":"https:\/\/cdos82.fr\/index.php?rest_route=\/wp\/v2\/users\/1"}],"replies":[{"embeddable":true,"href":"https:\/\/cdos82.fr\/index.php?rest_route=%2Fwp%2Fv2%2Fcomments&post=3110"}],"version-history":[{"count":1,"href":"https:\/\/cdos82.fr\/index.php?rest_route=\/wp\/v2\/posts\/3110\/revisions"}],"predecessor-version":[{"id":3114,"href":"https:\/\/cdos82.fr\/index.php?rest_route=\/wp\/v2\/posts\/3110\/revisions\/3114"}],"wp:featuredmedia":[{"embeddable":true,"href":"https:\/\/cdos82.fr\/index.php?rest_route=\/wp\/v2\/media\/3113"}],"wp:attachment":[{"href":"https:\/\/cdos82.fr\/index.php?rest_route=%2Fwp%2Fv2%2Fmedia&parent=3110"}],"wp:term":[{"taxonomy":"category","embeddable":true,"href":"https:\/\/cdos82.fr\/index.php?rest_route=%2Fwp%2Fv2%2Fcategories&post=3110"},{"taxonomy":"post_tag","embeddable":true,"href":"https:\/\/cdos82.fr\/index.php?rest_route=%2Fwp%2Fv2%2Ftags&post=3110"}],"curies":[{"name":"wp","href":"https:\/\/api.w.org\/{rel}","templated":true}]}}