{"id":3126,"date":"2022-05-18T15:37:38","date_gmt":"2022-05-18T13:37:38","guid":{"rendered":"http:\/\/cdos82.fr\/?p=3126"},"modified":"2022-05-31T12:13:23","modified_gmt":"2022-05-31T10:13:23","slug":"le-challenge-michelet-2022-a-montauban-cest-parti","status":"publish","type":"post","link":"https:\/\/cdos82.fr\/?p=3126","title":{"rendered":"Le Challenge Michelet 2022 \u00e0 Montauban : c&rsquo;est parti !"},"content":{"rendered":"<p><img loading=\"lazy\" decoding=\"async\" class=\"aligncenter size-full wp-image-3136\" src=\"http:\/\/cdos82.fr\/wp-content\/uploads\/2022\/05\/Challenge-Michelet-Logo.jpg\" alt=\"\" width=\"375\" height=\"204\" srcset=\"https:\/\/cdos82.fr\/wp-content\/uploads\/2022\/05\/Challenge-Michelet-Logo.jpg 375w, https:\/\/cdos82.fr\/wp-content\/uploads\/2022\/05\/Challenge-Michelet-Logo-300x163.jpg 300w\" sizes=\"auto, (max-width: 375px) 100vw, 375px\" \/><\/p>\n<h2 class=\"inter-title\" style=\"text-align: center;\">Le Challenge Michelet, les olympiades citoyennes de la Protection Judiciaire de la Jeunesse<\/h2>\n<p>Ce Challenge est l&rsquo;une des 7 manifestations nationales organis\u00e9es chaque ann\u00e9e par la PJJ en lien avec l&rsquo;association Edmond Michelet &#8211; Henri Bailly. Cet \u00e9v\u00e9nement rassemble\u00a0 plus de 300 mineurs en difficult\u00e9 dans le cadre de diverses \u00e9preuves sportives.<\/p>\n<p>Pendant une semaine, les d\u00e9l\u00e9gations r\u00e9gionales (et une venue de Belgique) regroupant environ 300 jeunes et 100 \u00e9ducateurs se rencontrent autour de diff\u00e9rentes disciplines sportives : rugby, football, basketball, athl\u00e9tisme, cross et natation.<\/p>\n<h2 class=\"inter-title\" style=\"text-align: center;\">La c\u00e9r\u00e9monie d&rsquo;ouverture de ce 48\u00e8me Challenge Michelet a eu lieu lundi 16 mai \u00e0 Eurythmie.<\/h2>\n<p>Dans la ville d&rsquo;Olympe de Gouges, d\u00e9fenseuse des droits des femmes, cette \u00e9dition du Challenge Michelet a \u00e9t\u00e9 plac\u00e9e sous le signe de l&rsquo;\u00e9galit\u00e9 entre les filles et les gar\u00e7ons.<\/p>\n<p>C&rsquo;est en pr\u00e9sence de nombreuses personnalit\u00e9s repr\u00e9sentants les collectivit\u00e9s locales, les instances de la justice, les associations et les partenaires que s&rsquo;est d\u00e9roul\u00e9e cette manifestation.<\/p>\n<p><img loading=\"lazy\" decoding=\"async\" class=\"wp-image-3135 aligncenter\" src=\"http:\/\/cdos82.fr\/wp-content\/uploads\/2022\/05\/Challenge-Michelet-Intervenants.jpg\" alt=\"\" width=\"358\" height=\"385\" srcset=\"https:\/\/cdos82.fr\/wp-content\/uploads\/2022\/05\/Challenge-Michelet-Intervenants.jpg 466w, https:\/\/cdos82.fr\/wp-content\/uploads\/2022\/05\/Challenge-Michelet-Intervenants-279x300.jpg 279w\" sizes=\"auto, (max-width: 358px) 100vw, 358px\" \/><\/p>\n<p>Le mot d&rsquo;accueil a \u00e9t\u00e9 fait par <strong>M. Claude JEAN<\/strong>, Adjoint au Maire de Montauban <strong>Mme Brigitte BAREGES<\/strong>, d\u00e9l\u00e9gu\u00e9 \u00e0 la politique municipale et \u00e0 la s\u00e9curit\u00e9 publique.<\/p>\n<p>Le pr\u00e9sident du Conseil D\u00e9partemental du Tarn et Garonne <strong>M. Michel WEILL<\/strong> a ensuite rappel\u00e9 l&rsquo;engagement du Conseil D\u00e9partemental dans cette manifestation.<\/p>\n<p>Puis <strong>M. Franck CHAULET<\/strong>, Directeur adjoint de la Protection Judiciaire de la Jeunesse, a dit tout le plaisir de tous de se retrouver pour f\u00eater le 50\u00e8me anniversaire du Challenge pour cette 48\u00e8me \u00e9dition (les deux derni\u00e8res ayant du \u00eatre annul\u00e9es en raison du contexte sanitaire).<\/p>\n<p><strong>M. Jean-Jacques CHABOT<\/strong>, Pr\u00e9sident de l&rsquo;Association Edmond Michelet- Henri Bailly a alors pris la parole pour dire, lui aussi, son plaisir de revoir cette manifestation se tenir cette ann\u00e9e.<\/p>\n<p><img loading=\"lazy\" decoding=\"async\" class=\" wp-image-3147 alignleft\" src=\"http:\/\/cdos82.fr\/wp-content\/uploads\/2022\/05\/Challenge-Michelet-010.jpg\" alt=\"\" width=\"741\" height=\"342\" srcset=\"https:\/\/cdos82.fr\/wp-content\/uploads\/2022\/05\/Challenge-Michelet-010.jpg 1277w, https:\/\/cdos82.fr\/wp-content\/uploads\/2022\/05\/Challenge-Michelet-010-300x138.jpg 300w, https:\/\/cdos82.fr\/wp-content\/uploads\/2022\/05\/Challenge-Michelet-010-1024x472.jpg 1024w, https:\/\/cdos82.fr\/wp-content\/uploads\/2022\/05\/Challenge-Michelet-010-768x354.jpg 768w, https:\/\/cdos82.fr\/wp-content\/uploads\/2022\/05\/Challenge-Michelet-010-800x369.jpg 800w\" sizes=\"auto, (max-width: 741px) 100vw, 741px\" \/><\/p>\n<p>&nbsp;<\/p>\n<p>&nbsp;<\/p>\n<p>&nbsp;<\/p>\n<p>L&rsquo;\u00e9quipe d&rsquo;organisation men\u00e9e par <strong>Mme Manon ANDRE,<\/strong> avec la complicit\u00e9 de <strong>M. Lionel URLI<\/strong> Directeur territorial de la PJJ du Tarn et Garonne, Lot, Gers, a \u00e9t\u00e9 pr\u00e9sent\u00e9e au public .<\/p>\n<p>&nbsp;<\/p>\n<p>&nbsp;<\/p>\n<p>&nbsp;<\/p>\n<p>Rythm\u00e9e par l&rsquo;orchestre du conservatoire de Montauban et par les membres de l&rsquo;association \u00ab\u00a0Kids are the future\u00a0\u00bb d&rsquo;Audrey TREVISAN (marraine de cette \u00e9dition du Challenge), la c\u00e9r\u00e9monie a pu \u00eatre appr\u00e9ci\u00e9e aussi par ces moments de joie.<\/p>\n<p><img loading=\"lazy\" decoding=\"async\" class=\"aligncenter wp-image-3127\" src=\"http:\/\/cdos82.fr\/wp-content\/uploads\/2022\/05\/Challenge-Michelet-Animations-1.jpg\" alt=\"\" width=\"378\" height=\"378\" srcset=\"https:\/\/cdos82.fr\/wp-content\/uploads\/2022\/05\/Challenge-Michelet-Animations-1.jpg 500w, https:\/\/cdos82.fr\/wp-content\/uploads\/2022\/05\/Challenge-Michelet-Animations-1-300x300.jpg 300w, https:\/\/cdos82.fr\/wp-content\/uploads\/2022\/05\/Challenge-Michelet-Animations-1-150x150.jpg 150w, https:\/\/cdos82.fr\/wp-content\/uploads\/2022\/05\/Challenge-Michelet-Animations-1-200x200.jpg 200w, https:\/\/cdos82.fr\/wp-content\/uploads\/2022\/05\/Challenge-Michelet-Animations-1-400x400.jpg 400w\" sizes=\"auto, (max-width: 378px) 100vw, 378px\" \/><\/p>\n<p>Ce sont ensuite les repr\u00e9sentants de chaque d\u00e9l\u00e9gation qui se sont pr\u00e9sent\u00e9s sur la sc\u00e8ne, chacune ayant un message qui a \u00e9t\u00e9 lu par <strong>M. Jacques BREDA<\/strong> l&rsquo;animateur de la c\u00e9r\u00e9monie.<\/p>\n<p>&nbsp;<\/p>\n<p>&nbsp;<\/p>\n<p>&nbsp;<\/p>\n<p>Le rappeur <strong>LANIMAL<\/strong> et son groupe, accompagn\u00e9s par les jeunes break-dancers de \u00ab\u00a0Kids are the future\u00a0\u00bb,\u00a0 ont ensuite introduit les repr\u00e9sentants des sportifs, des encadrants et des officiels qui ont, tour \u00e0 tour, pr\u00eat\u00e9 serment comme il se doit.<\/p>\n<p><img loading=\"lazy\" decoding=\"async\" class=\"wp-image-3129 alignleft\" src=\"http:\/\/cdos82.fr\/wp-content\/uploads\/2022\/05\/Challenge-Michelet-Animations-3.jpg\" alt=\"\" width=\"404\" height=\"270\" srcset=\"https:\/\/cdos82.fr\/wp-content\/uploads\/2022\/05\/Challenge-Michelet-Animations-3.jpg 585w, https:\/\/cdos82.fr\/wp-content\/uploads\/2022\/05\/Challenge-Michelet-Animations-3-300x201.jpg 300w\" sizes=\"auto, (max-width: 404px) 100vw, 404px\" \/> <img loading=\"lazy\" decoding=\"async\" class=\"wp-image-3143 alignright\" src=\"http:\/\/cdos82.fr\/wp-content\/uploads\/2022\/05\/Challenge-Michelet-Serments-2.jpg\" alt=\"\" width=\"308\" height=\"305\" srcset=\"https:\/\/cdos82.fr\/wp-content\/uploads\/2022\/05\/Challenge-Michelet-Serments-2.jpg 752w, https:\/\/cdos82.fr\/wp-content\/uploads\/2022\/05\/Challenge-Michelet-Serments-2-300x298.jpg 300w, https:\/\/cdos82.fr\/wp-content\/uploads\/2022\/05\/Challenge-Michelet-Serments-2-150x150.jpg 150w\" sizes=\"auto, (max-width: 308px) 100vw, 308px\" \/> <img loading=\"lazy\" decoding=\"async\" class=\"aligncenter wp-image-3142\" src=\"http:\/\/cdos82.fr\/wp-content\/uploads\/2022\/05\/Challenge-Michelet-Serments-1.jpg\" alt=\"\" width=\"256\" height=\"306\" srcset=\"https:\/\/cdos82.fr\/wp-content\/uploads\/2022\/05\/Challenge-Michelet-Serments-1.jpg 298w, https:\/\/cdos82.fr\/wp-content\/uploads\/2022\/05\/Challenge-Michelet-Serments-1-250x300.jpg 250w\" sizes=\"auto, (max-width: 256px) 100vw, 256px\" \/><\/p>\n<p>&nbsp;<\/p>\n<p>Enfin, c&rsquo;\u00e9tait au tour de la marraine <strong>Mme Audrey TREVISAN<\/strong> (championne de France et championne du monde de breakdance) et du parrain <strong>M. Fabien PELOUS<\/strong> (rugbyman aux 118 s\u00e9lections en \u00e9quipe de France) de cette \u00e9dition de monter sur la sc\u00e8ne avec <strong>Mme Sylvie VELLA<\/strong>, Directrice Interr\u00e9gionale Sud de la Protection Judiciaire de la Jeunesse.<\/p>\n<p>&nbsp;<\/p>\n<p style=\"text-align: center;\">A tous les trois ils ont ainsi d\u00e9clar\u00e9 ouverte la 48\u00e8me \u00e9dition du Challenge Michelet.<\/p>\n<p><img loading=\"lazy\" decoding=\"async\" class=\"aligncenter wp-image-3140\" src=\"http:\/\/cdos82.fr\/wp-content\/uploads\/2022\/05\/Challenge-Michelet-Ouverture-officielle.jpg\" alt=\"\" width=\"673\" height=\"515\" srcset=\"https:\/\/cdos82.fr\/wp-content\/uploads\/2022\/05\/Challenge-Michelet-Ouverture-officielle.jpg 519w, https:\/\/cdos82.fr\/wp-content\/uploads\/2022\/05\/Challenge-Michelet-Ouverture-officielle-300x229.jpg 300w\" sizes=\"auto, (max-width: 673px) 100vw, 673px\" \/><\/p>\n<p>&nbsp;<\/p>\n<p style=\"text-align: center;\">Les partenaires du challenge 2022 :<\/p>\n<p><img loading=\"lazy\" decoding=\"async\" class=\"aligncenter size-full wp-image-3148\" src=\"http:\/\/cdos82.fr\/wp-content\/uploads\/2022\/05\/Challenge-Michelet-020.jpg\" alt=\"\" width=\"417\" height=\"590\" srcset=\"https:\/\/cdos82.fr\/wp-content\/uploads\/2022\/05\/Challenge-Michelet-020.jpg 417w, https:\/\/cdos82.fr\/wp-content\/uploads\/2022\/05\/Challenge-Michelet-020-212x300.jpg 212w\" sizes=\"auto, (max-width: 417px) 100vw, 417px\" \/><\/p>\n","protected":false},"excerpt":{"rendered":"<p>Apr\u00e8s deux ans d&rsquo;attente en raison de la situation sanitaire, le challenge Michelet est enfin \u00e0 Montauban et il a d\u00e9marr\u00e9 ce lundi 16 mai par une c\u00e9r\u00e9monie d&rsquo;inauguration \u00e0 la salle Eurythmie. <\/p>\n","protected":false},"author":1,"featured_media":3136,"comment_status":"closed","ping_status":"open","sticky":false,"template":"","format":"standard","meta":{"footnotes":""},"categories":[2],"tags":[],"class_list":["post-3126","post","type-post","status-publish","format-standard","has-post-thumbnail","hentry","category-blog"],"_links":{"self":[{"href":"https:\/\/cdos82.fr\/index.php?rest_route=\/wp\/v2\/posts\/3126","targetHints":{"allow":["GET"]}}],"collection":[{"href":"https:\/\/cdos82.fr\/index.php?rest_route=\/wp\/v2\/posts"}],"about":[{"href":"https:\/\/cdos82.fr\/index.php?rest_route=\/wp\/v2\/types\/post"}],"author":[{"embeddable":true,"href":"https:\/\/cdos82.fr\/index.php?rest_route=\/wp\/v2\/users\/1"}],"replies":[{"embeddable":true,"href":"https:\/\/cdos82.fr\/index.php?rest_route=%2Fwp%2Fv2%2Fcomments&post=3126"}],"version-history":[{"count":7,"href":"https:\/\/cdos82.fr\/index.php?rest_route=\/wp\/v2\/posts\/3126\/revisions"}],"predecessor-version":[{"id":3166,"href":"https:\/\/cdos82.fr\/index.php?rest_route=\/wp\/v2\/posts\/3126\/revisions\/3166"}],"wp:featuredmedia":[{"embeddable":true,"href":"https:\/\/cdos82.fr\/index.php?rest_route=\/wp\/v2\/media\/3136"}],"wp:attachment":[{"href":"https:\/\/cdos82.fr\/index.php?rest_route=%2Fwp%2Fv2%2Fmedia&parent=3126"}],"wp:term":[{"taxonomy":"category","embeddable":true,"href":"https:\/\/cdos82.fr\/index.php?rest_route=%2Fwp%2Fv2%2Fcategories&post=3126"},{"taxonomy":"post_tag","embeddable":true,"href":"https:\/\/cdos82.fr\/index.php?rest_route=%2Fwp%2Fv2%2Ftags&post=3126"}],"curies":[{"name":"wp","href":"https:\/\/api.w.org\/{rel}","templated":true}]}}