{"id":3154,"date":"2022-05-30T10:04:43","date_gmt":"2022-05-30T08:04:43","guid":{"rendered":"http:\/\/cdos82.fr\/?p=3154"},"modified":"2022-05-30T10:06:28","modified_gmt":"2022-05-30T08:06:28","slug":"la-journee-departementale-dinitiation-a-laeromodelisme-le-22-mai-dernier-montauban-air-modele","status":"publish","type":"post","link":"https:\/\/cdos82.fr\/?p=3154","title":{"rendered":"Initiation \u00e0 l&rsquo;a\u00e9romod\u00e9lisme   Montauban Air Mod\u00e8le"},"content":{"rendered":"<h2 class=\"inter-title\" style=\"text-align: center;\">A l&rsquo;initiative du Pr\u00e9sident du <em><strong>Montauban Air Mod\u00e8le<\/strong><\/em>, Patrick Roques, le 22 mai dernier, s&rsquo;est d\u00e9roul\u00e9e la premi\u00e8re journ\u00e9e d\u00e9partementale d&rsquo;initiation \u00e0 l&rsquo;a\u00e9romod\u00e9lisme.<\/h2>\n<h2 class=\"inter-title\" style=\"text-align: center;\"><img loading=\"lazy\" decoding=\"async\" class=\"aligncenter size-full wp-image-3155\" src=\"http:\/\/cdos82.fr\/wp-content\/uploads\/2022\/05\/MAM-Affiche.jpg\" alt=\"\" width=\"282\" height=\"422\" srcset=\"https:\/\/cdos82.fr\/wp-content\/uploads\/2022\/05\/MAM-Affiche.jpg 282w, https:\/\/cdos82.fr\/wp-content\/uploads\/2022\/05\/MAM-Affiche-200x300.jpg 200w\" sizes=\"auto, (max-width: 282px) 100vw, 282px\" \/><\/h2>\n<p>&nbsp;<\/p>\n<p>L&rsquo;association sportive Montauban Air Mod\u00e8les a organis\u00e9 le dimanche 22 mai 2022 une <strong>Journ\u00e9e D\u00e9partementale d&rsquo;Initiation \u00e0 l&rsquo;A\u00e9romod\u00e9lisme<\/strong> (JDIA) sur son site de vol <strong>Alexia Pello<\/strong> \u00e0 Corbarieu en collaboration avec les autres clubs d&rsquo;a\u00e9romod\u00e9lisme du Tarn et Garonne.<\/p>\n<p>Le but \u00e9tait de faire d\u00e9couvrir gratuitement l&rsquo;activit\u00e9 des clubs d&rsquo;a\u00e9romod\u00e9lisme du Tarn et Garonne. Au-del\u00e0 du pilotage qui en est la finalit\u00e9, l&rsquo;a\u00e9romod\u00e9lisme favorise l&rsquo;esprit cr\u00e9atif, permet d&rsquo;y associer des connaissances th\u00e9oriques et les multiples facettes du travail manuel. Des comp\u00e9titions dans diff\u00e9rentes cat\u00e9gories se d\u00e9roulent r\u00e9guli\u00e8rement aussi bien sur ce terrain que sur celui d&rsquo;autres clubs d&rsquo;a\u00e9romod\u00e9lisme.<\/p>\n<p>Pour cette premi\u00e8re journ\u00e9e d&rsquo;initiation l&rsquo;association proposait, aux personnes susceptibles d&rsquo;\u00eatre int\u00e9ress\u00e9es par cette exp\u00e9rience de piloter divers a\u00e9romod\u00e8les en double commandes avec des moniteurs agr\u00e9\u00e9s.<\/p>\n<p><img loading=\"lazy\" decoding=\"async\" class=\"aligncenter size-full wp-image-3158\" src=\"http:\/\/cdos82.fr\/wp-content\/uploads\/2022\/05\/MAM-Photos-Regroup\u00e9es.jpg\" alt=\"\" width=\"683\" height=\"507\" srcset=\"https:\/\/cdos82.fr\/wp-content\/uploads\/2022\/05\/MAM-Photos-Regroup\u00e9es.jpg 683w, https:\/\/cdos82.fr\/wp-content\/uploads\/2022\/05\/MAM-Photos-Regroup\u00e9es-300x223.jpg 300w\" sizes=\"auto, (max-width: 683px) 100vw, 683px\" \/><\/p>\n<p>D\u00e9j\u00e0 mise en chantier l&rsquo;ann\u00e9e derni\u00e8re, cette journ\u00e9e avait d\u00fb \u00eatre annul\u00e9e \u00e0 cause d&rsquo;un temps ex\u00e9crable. Cette ann\u00e9e, le temps \u00e9tait meilleur mais encore loin d&rsquo;\u00eatre parfait et la chaleur excessive a peut-\u00eatre rebut\u00e9 certaines personnes. De nombreux appels au public avait \u00e9t\u00e9 lanc\u00e9s dans la presse \u00e9crite et sur les radios locales.<\/p>\n<p>Des mails et courriers avaient \u00e9t\u00e9 adress\u00e9s aux 33 coll\u00e8ges et lyc\u00e9es du d\u00e9partement.<\/p>\n<p>Les clubs de <strong>Faudoas<\/strong> et de <strong>Monclar-De-Quercy<\/strong> ont aid\u00e9 \u00e0 l&rsquo;organisation de cette journ\u00e9e en apportant leur aide avec des moniteurs venus accompagn\u00e9s de leur mat\u00e9riel.<\/p>\n<p>Au final, 17 personnes sont venues\u00a0 s&rsquo;essayer au pilotage d&rsquo;a\u00e9romod\u00e8les et les huit moniteurs pr\u00e9sents se sont succ\u00e9d\u00e9s pour accompagner leurs \u00e9l\u00e8ves,\u00a0\u00bb pilote d&rsquo;un jour\u00a0\u00bb.\u00a0Certains en ont m\u00eame redemand\u00e9 et ont effectu\u00e9 des vols suppl\u00e9mentaires.<\/p>\n<p>Le club esp\u00e8re qu&rsquo;ils ont pris plaisir et qu&rsquo;ils reviendront prochainement sur les sites de vol.<\/p>\n<p>Le r\u00e9sultat positif de cette journ\u00e9e laisse entrevoir la possibilit\u00e9 de renouveler l&rsquo;op\u00e9ration l&rsquo;ann\u00e9e prochaine.<\/p>\n<p>&nbsp;<\/p>\n<h2 style=\"text-align: center;\">Prochain RDV avec l&rsquo;a\u00e9romod\u00e9lisme<\/h2>\n<p><img loading=\"lazy\" decoding=\"async\" class=\"aligncenter size-full wp-image-3159\" src=\"http:\/\/cdos82.fr\/wp-content\/uploads\/2022\/05\/MAM-Drone-Racing.jpg\" alt=\"\" width=\"397\" height=\"219\" srcset=\"https:\/\/cdos82.fr\/wp-content\/uploads\/2022\/05\/MAM-Drone-Racing.jpg 397w, https:\/\/cdos82.fr\/wp-content\/uploads\/2022\/05\/MAM-Drone-Racing-300x165.jpg 300w\" sizes=\"auto, (max-width: 397px) 100vw, 397px\" \/><\/p>\n<p>Toujours tr\u00e8s actif, le Montauban Air Mod\u00e8les pr\u00e9pare maintenant une comp\u00e9tition de Drone Racing. Il s&rsquo;agit d&rsquo;une manche comptant pour le championnat de France qui se d\u00e9roulera le samedi 11 juin 2022 de 09h00 \u00e0 17h00.<\/p>\n<p>La course, Formule 1 du drone, se pratique en vol en immersion appel\u00e9e aussi \u00ab\u00a0FPV Racing\u00a0\u00bb et consiste \u00e0 faire \u00e9voluer son drone au ras du sol sur un circuit parsem\u00e9 d&rsquo;obstacles.<\/p>\n<p>D\u00e9j\u00e0 16 inscriptions fermes et encore quelques retardataires \u00e0 venir. Le responsable de cette activit\u00e9 a concoct\u00e9 un circuit impressionnant qui ne manquera pas de plaire aux comp\u00e9titeurs venus des quatre coins de notre pays.<\/p>\n<p>Cette comp\u00e9tition spectaculaire ouverte au public se d\u00e9roulera sur le site de vol de l&rsquo;association <strong>\u00e0 Corbarieu au lieu-dit Pigasso<\/strong>.<\/p>\n<p>(L&rsquo;acc\u00e8s se situe sur la D21 entre Corbarieu et Reyni\u00e8s. Une banderole en marquera l&rsquo;entr\u00e9e.)<\/p>\n<p style=\"text-align: center;\"><strong>Le Montauban Air Mod\u00e8le sera enchant\u00e9 de vous accueillir.<\/strong><\/p>\n<p style=\"text-align: center;\"><strong>Suivez toutes les infos du club sur son site :\u00a0\u00a0 <a href=\"http:\/\/www.montauban-air-modeles.fr\/\" target=\"_blank\" rel=\"noopener noreferrer\">www.montauban-air-modeles.fr<\/a><\/strong><\/p>\n<p style=\"text-align: center;\"><strong><img loading=\"lazy\" decoding=\"async\" class=\" wp-image-3156 aligncenter\" src=\"http:\/\/cdos82.fr\/wp-content\/uploads\/2022\/05\/MAM-Logo.jpg\" alt=\"\" width=\"116\" height=\"118\" \/><\/strong><\/p>\n<p>&nbsp;<\/p>\n<p><img loading=\"lazy\" decoding=\"async\" class=\"wp-image-3157 aligncenter\" src=\"http:\/\/cdos82.fr\/wp-content\/uploads\/2022\/05\/MAM-Logo-FFAM.jpg\" alt=\"\" width=\"99\" height=\"99\" srcset=\"https:\/\/cdos82.fr\/wp-content\/uploads\/2022\/05\/MAM-Logo-FFAM.jpg 468w, https:\/\/cdos82.fr\/wp-content\/uploads\/2022\/05\/MAM-Logo-FFAM-300x300.jpg 300w, https:\/\/cdos82.fr\/wp-content\/uploads\/2022\/05\/MAM-Logo-FFAM-150x150.jpg 150w, https:\/\/cdos82.fr\/wp-content\/uploads\/2022\/05\/MAM-Logo-FFAM-200x200.jpg 200w, https:\/\/cdos82.fr\/wp-content\/uploads\/2022\/05\/MAM-Logo-FFAM-400x400.jpg 400w\" sizes=\"auto, (max-width: 99px) 100vw, 99px\" \/><\/p>\n<p>&nbsp;<\/p>\n","protected":false},"excerpt":{"rendered":"<p>A l&rsquo;initiative du Montauban Air Mod\u00e8le, le 22 mai dernier, a eu lieu la premi\u00e8re journ\u00e9e d\u00e9partementale d&rsquo;initiation \u00e0 l&rsquo;a\u00e9romod\u00e9lisme<\/p>\n","protected":false},"author":1,"featured_media":3161,"comment_status":"closed","ping_status":"open","sticky":false,"template":"","format":"standard","meta":{"footnotes":""},"categories":[2],"tags":[],"class_list":["post-3154","post","type-post","status-publish","format-standard","has-post-thumbnail","hentry","category-blog"],"_links":{"self":[{"href":"https:\/\/cdos82.fr\/index.php?rest_route=\/wp\/v2\/posts\/3154","targetHints":{"allow":["GET"]}}],"collection":[{"href":"https:\/\/cdos82.fr\/index.php?rest_route=\/wp\/v2\/posts"}],"about":[{"href":"https:\/\/cdos82.fr\/index.php?rest_route=\/wp\/v2\/types\/post"}],"author":[{"embeddable":true,"href":"https:\/\/cdos82.fr\/index.php?rest_route=\/wp\/v2\/users\/1"}],"replies":[{"embeddable":true,"href":"https:\/\/cdos82.fr\/index.php?rest_route=%2Fwp%2Fv2%2Fcomments&post=3154"}],"version-history":[{"count":4,"href":"https:\/\/cdos82.fr\/index.php?rest_route=\/wp\/v2\/posts\/3154\/revisions"}],"predecessor-version":[{"id":3164,"href":"https:\/\/cdos82.fr\/index.php?rest_route=\/wp\/v2\/posts\/3154\/revisions\/3164"}],"wp:featuredmedia":[{"embeddable":true,"href":"https:\/\/cdos82.fr\/index.php?rest_route=\/wp\/v2\/media\/3161"}],"wp:attachment":[{"href":"https:\/\/cdos82.fr\/index.php?rest_route=%2Fwp%2Fv2%2Fmedia&parent=3154"}],"wp:term":[{"taxonomy":"category","embeddable":true,"href":"https:\/\/cdos82.fr\/index.php?rest_route=%2Fwp%2Fv2%2Fcategories&post=3154"},{"taxonomy":"post_tag","embeddable":true,"href":"https:\/\/cdos82.fr\/index.php?rest_route=%2Fwp%2Fv2%2Ftags&post=3154"}],"curies":[{"name":"wp","href":"https:\/\/api.w.org\/{rel}","templated":true}]}}