{"id":3199,"date":"2022-06-24T07:42:48","date_gmt":"2022-06-24T05:42:48","guid":{"rendered":"http:\/\/cdos82.fr\/?p=3199"},"modified":"2022-06-24T07:42:48","modified_gmt":"2022-06-24T05:42:48","slug":"montauban-air-modeles-competition-nationale-de-drones","status":"publish","type":"post","link":"https:\/\/cdos82.fr\/?p=3199","title":{"rendered":"Montauban Air Mod\u00e8les &#8211; Comp\u00e9tition Nationale de drones"},"content":{"rendered":"<h2 style=\"text-align: center;\"><strong>Comp\u00e9tition Nationale de drone FPV au Montauban Air Mod\u00e8les<\/strong><\/h2>\n<p>&nbsp;<\/p>\n<p>Samedi 11 juin 2022, une comp\u00e9tition nationale de drone FPV comptant pour le championnat de France \u00e9tait organis\u00e9e par le Montauban Air Mod\u00e8les sur son site de vol <strong>Alexia Pello \u00e0 Corbarieu<\/strong>.<\/p>\n<p>Sur un superbe trac\u00e9, fruits des cogitations de Sylvain Martinot, le sp\u00e9cialiste drone du club, tr\u00e8s plaisant, pas trop facile, mais pas trop dur non plus permettant aux comp\u00e9titeurs de tous niveaux de prendre du plaisir en progressant au fil des courses.<\/p>\n<p><img loading=\"lazy\" decoding=\"async\" class=\"aligncenter wp-image-3202\" src=\"http:\/\/cdos82.fr\/wp-content\/uploads\/2022\/06\/Drone-003.jpg\" alt=\"\" width=\"525\" height=\"310\" srcset=\"https:\/\/cdos82.fr\/wp-content\/uploads\/2022\/06\/Drone-003.jpg 1043w, https:\/\/cdos82.fr\/wp-content\/uploads\/2022\/06\/Drone-003-300x177.jpg 300w, https:\/\/cdos82.fr\/wp-content\/uploads\/2022\/06\/Drone-003-1024x605.jpg 1024w, https:\/\/cdos82.fr\/wp-content\/uploads\/2022\/06\/Drone-003-768x454.jpg 768w, https:\/\/cdos82.fr\/wp-content\/uploads\/2022\/06\/Drone-003-800x472.jpg 800w\" sizes=\"auto, (max-width: 525px) 100vw, 525px\" \/><\/p>\n<p>Pour cette premi\u00e8re organis\u00e9e par le <strong>Montauban Air Mod\u00e8les<\/strong> 20 concurrents s&rsquo;\u00e9taient inscrits provenant de l&rsquo;Occitanie mais aussi de l&rsquo;Allier pour le plus \u00e9loign\u00e9.<\/p>\n<p>Apr\u00e8s un petit d\u00e9jeuner offert par le club ont d\u00e9but\u00e9 les op\u00e9rations de contr\u00f4le des engins et vid\u00e9os \u00e9quipant les petits bolides.<\/p>\n<p>D\u00e8s 09h00 ont commenc\u00e9 les qualifications.\u00a0Un peu comme en F1 c\u2019est le classement qui est pris en compte pour acc\u00e9der \u00e0 la phase suivante.<\/p>\n<p>Apr\u00e8s un d\u00e9jeuner pris en commun dans la convivialit\u00e9, chaque pilote commentant ses r\u00e9ussites ou d\u00e9boires de la matin\u00e9e, la comp\u00e9tition s&rsquo;est poursuivie par la phase \u00e9liminatoire permettant de s\u00e9lectionner les meilleurs pour la phase finale avec d&rsquo;\u00e9ventuels rep\u00eachages.<\/p>\n<p>Enfin la finale a d\u00e9sign\u00e9 les trois meilleurs pilotes qu&rsquo;il nous faut f\u00e9liciter chaleureusement.<\/p>\n<p>Il s&rsquo;agit de :<\/p>\n<p style=\"text-align: left;\">\u00a0\u00a0\u00a0\u00a0\u00a0\u00a0\u00a0\u00a0\u00a0\u00a0\u00a0\u00a0\u00a0\u00a0\u00a0\u00a0\u00a0\u00a0\u00a0\u00a0\u00a0\u00a0\u00a0\u00a0\u00a0\u00a0\u00a0\u00a0\u00a0\u00a0\u00a0\u00a0\u00a0\u00a0\u00a0\u00a0\u00a0\u00a0\u00a0\u00a0\u00a0\u00a0\u00a0\u00a0\u00a0\u00a0\u00a0\u00a0\u00a0\u00a0\u00a0\u00a0\u00a0\u00a0\u00a0\u00a0 1\/ <strong>R\u00e9mi POGNANTE<\/strong> du club A\u00e9ro Mod\u00e9lisme Conflent \u00e0 Prades (66)<\/p>\n<p style=\"text-align: left;\">\u00a0\u00a0\u00a0\u00a0\u00a0\u00a0\u00a0\u00a0\u00a0\u00a0\u00a0\u00a0\u00a0\u00a0\u00a0\u00a0\u00a0\u00a0\u00a0\u00a0\u00a0\u00a0\u00a0\u00a0\u00a0\u00a0\u00a0\u00a0\u00a0\u00a0\u00a0\u00a0\u00a0\u00a0\u00a0\u00a0\u00a0\u00a0\u00a0\u00a0\u00a0\u00a0\u00a0\u00a0\u00a0\u00a0\u00a0\u00a0\u00a0\u00a0\u00a0\u00a0\u00a0\u00a0\u00a0\u00a0 2\/ <strong>Edwin HO A CHUCK<\/strong> de Toulouse (31) en concurrent libre.<\/p>\n<p>\u00a0 \u00a0 \u00a0 \u00a0 \u00a0 \u00a0 \u00a0 \u00a0 \u00a0 \u00a0 \u00a0 \u00a0 \u00a0 \u00a0 \u00a0 \u00a0 \u00a0 \u00a0 \u00a0 \u00a0\u00a0\u00a0\u00a0\u00a0\u00a0\u00a0\u00a0\u00a0\u00a0\u00a0\u00a0\u00a0\u00a0\u00a0\u00a0\u00a0\u00a0 3\/ <strong>Mickael TEULERE<\/strong> de Dr\u00e9mil-Lafage (31) en concurrent libre.<\/p>\n<p><img loading=\"lazy\" decoding=\"async\" class=\"aligncenter size-full wp-image-3200\" src=\"http:\/\/cdos82.fr\/wp-content\/uploads\/2022\/06\/Drone-001.jpg\" alt=\"\" width=\"580\" height=\"452\" srcset=\"https:\/\/cdos82.fr\/wp-content\/uploads\/2022\/06\/Drone-001.jpg 580w, https:\/\/cdos82.fr\/wp-content\/uploads\/2022\/06\/Drone-001-300x234.jpg 300w\" sizes=\"auto, (max-width: 580px) 100vw, 580px\" \/><\/p>\n<p>Un troph\u00e9e offert par l&rsquo;<strong>OMEPS<\/strong> a \u00e9t\u00e9 d\u00e9cern\u00e9 au plus jeune concurrent dont c&rsquo;\u00e9tait la premi\u00e8re course, <strong>Nolan GOD\u00c9<\/strong> qui venait de f\u00eater ses 18 ans quelques jours auparavant, adh\u00e9rent du Montauban Air Mod\u00e8les.<\/p>\n<p><img loading=\"lazy\" decoding=\"async\" class=\"aligncenter size-full wp-image-3201\" src=\"http:\/\/cdos82.fr\/wp-content\/uploads\/2022\/06\/Drone-002.jpg\" alt=\"\" width=\"596\" height=\"209\" srcset=\"https:\/\/cdos82.fr\/wp-content\/uploads\/2022\/06\/Drone-002.jpg 596w, https:\/\/cdos82.fr\/wp-content\/uploads\/2022\/06\/Drone-002-300x105.jpg 300w\" sizes=\"auto, (max-width: 596px) 100vw, 596px\" \/><\/p>\n<p>Les amateurs de courses drone FPV se retrouvent tr\u00e8s souvent le dimanche matin pour des races entre copains sous la direction de Sylvain Martinot qui est le moniteur agr\u00e9\u00e9, ma\u00eetre d&rsquo;\u0153uvre du circuit de cette comp\u00e9tition nationale.<\/p>\n<p>Mais le Montauban Air Mod\u00e8les est un club d&rsquo;a\u00e9romod\u00e9lisme dans lequel on pratique aussi le vol avec des avions ou planeurs.<\/p>\n<p>Son site de vol Alexia Pello \u00e0 Corbarieu pour la pratique en plein air mais aussi deux sites de vol en salle \u00e0 St Etienne de Tulmont et \u00e0 Montauban.<\/p>\n<p>Des moniteurs agr\u00e9\u00e9s vous aideront \u00e0 acqu\u00e9rir la pratique du pilotage sur des appareils \u00e9coles en double commande.<\/p>\n<p>Pour toutes informations, une adresse mail : <strong><em>montauban.air.modeles@gmail.com<\/em><\/strong><\/p>\n<p>Mais aussi un site internet avec une fiche contact : <a href=\"http:\/\/montauban-air-modeles.fr\" target=\"_blank\" rel=\"noopener noreferrer\"><em>http:\/\/montauban-air-modeles.fr<\/em><\/a><\/p>\n<p>&nbsp;<\/p>\n<p>Remerciements \u00e0 Madame Le Maire de Corbarieu pour sa visite sur notre site de vol.<\/p>\n<p>Remerciements \u00e0 Madame Le Maire de Montauban pour les lots, coupes et soutien logistique.<\/p>\n<p>Remerciements \u00e0 Monsieur le Directeur de l&rsquo;OMEPS pour le troph\u00e9e.<\/p>\n<p><img loading=\"lazy\" decoding=\"async\" class=\"aligncenter size-full wp-image-3156\" src=\"http:\/\/cdos82.fr\/wp-content\/uploads\/2022\/05\/MAM-Logo.jpg\" alt=\"\" width=\"188\" height=\"191\" \/><\/p>\n<p style=\"text-align: center;\">\n","protected":false},"excerpt":{"rendered":"<p>Le samedi 11 juin dernier s&rsquo;est tenue une comp\u00e9tition nationale de drone FPV \u00e0 Corbarieu.<\/p>\n","protected":false},"author":1,"featured_media":3156,"comment_status":"closed","ping_status":"open","sticky":false,"template":"","format":"standard","meta":{"footnotes":""},"categories":[2],"tags":[],"class_list":["post-3199","post","type-post","status-publish","format-standard","has-post-thumbnail","hentry","category-blog"],"_links":{"self":[{"href":"https:\/\/cdos82.fr\/index.php?rest_route=\/wp\/v2\/posts\/3199","targetHints":{"allow":["GET"]}}],"collection":[{"href":"https:\/\/cdos82.fr\/index.php?rest_route=\/wp\/v2\/posts"}],"about":[{"href":"https:\/\/cdos82.fr\/index.php?rest_route=\/wp\/v2\/types\/post"}],"author":[{"embeddable":true,"href":"https:\/\/cdos82.fr\/index.php?rest_route=\/wp\/v2\/users\/1"}],"replies":[{"embeddable":true,"href":"https:\/\/cdos82.fr\/index.php?rest_route=%2Fwp%2Fv2%2Fcomments&post=3199"}],"version-history":[{"count":2,"href":"https:\/\/cdos82.fr\/index.php?rest_route=\/wp\/v2\/posts\/3199\/revisions"}],"predecessor-version":[{"id":3204,"href":"https:\/\/cdos82.fr\/index.php?rest_route=\/wp\/v2\/posts\/3199\/revisions\/3204"}],"wp:featuredmedia":[{"embeddable":true,"href":"https:\/\/cdos82.fr\/index.php?rest_route=\/wp\/v2\/media\/3156"}],"wp:attachment":[{"href":"https:\/\/cdos82.fr\/index.php?rest_route=%2Fwp%2Fv2%2Fmedia&parent=3199"}],"wp:term":[{"taxonomy":"category","embeddable":true,"href":"https:\/\/cdos82.fr\/index.php?rest_route=%2Fwp%2Fv2%2Fcategories&post=3199"},{"taxonomy":"post_tag","embeddable":true,"href":"https:\/\/cdos82.fr\/index.php?rest_route=%2Fwp%2Fv2%2Ftags&post=3199"}],"curies":[{"name":"wp","href":"https:\/\/api.w.org\/{rel}","templated":true}]}}