{"id":3239,"date":"2022-06-24T10:23:13","date_gmt":"2022-06-24T08:23:13","guid":{"rendered":"http:\/\/cdos82.fr\/?p=3239"},"modified":"2022-06-24T10:23:13","modified_gmt":"2022-06-24T08:23:13","slug":"championnat-de-france-para-foot-adapte-sport-adapte-jeunes-a-montauban-du-28-au-30-juin","status":"publish","type":"post","link":"https:\/\/cdos82.fr\/?p=3239","title":{"rendered":"Championnat de France Para-Foot Adapt\u00e9 (sport adapt\u00e9) Jeunes \u00e0 Montauban du 28 au 30 juin"},"content":{"rendered":"<h1 class=\"entry-title\" style=\"text-align: center;\">Championnat de France Para-Foot Adapt\u00e9 Jeunes<\/h1>\n<p style=\"text-align: center;\">\u00a0Les <strong>championnats de France Para-Foot Adapt\u00e9 (sport adapt\u00e9) Jeunes<\/strong> se d\u00e9rouleront du mardi 28 au jeudi 30 juin prochains<\/p>\n<p style=\"text-align: center;\">\u00e0 Montauban au complexe <strong>Jean Verbeke<\/strong> (Ramier).<\/p>\n<p><img loading=\"lazy\" decoding=\"async\" class=\"aligncenter size-full wp-image-3242\" src=\"http:\/\/cdos82.fr\/wp-content\/uploads\/2022\/06\/Sport-Adapt\u00e9-Para-Foot-001.jpg\" alt=\"\" width=\"434\" height=\"615\" srcset=\"https:\/\/cdos82.fr\/wp-content\/uploads\/2022\/06\/Sport-Adapt\u00e9-Para-Foot-001.jpg 434w, https:\/\/cdos82.fr\/wp-content\/uploads\/2022\/06\/Sport-Adapt\u00e9-Para-Foot-001-212x300.jpg 212w\" sizes=\"auto, (max-width: 434px) 100vw, 434px\" \/><\/p>\n<p><img loading=\"lazy\" decoding=\"async\" class=\"aligncenter wp-image-3243\" src=\"http:\/\/cdos82.fr\/wp-content\/uploads\/2022\/06\/Sport-Adapt\u00e9-Para-Foot-002.jpg\" alt=\"\" width=\"456\" height=\"592\" srcset=\"https:\/\/cdos82.fr\/wp-content\/uploads\/2022\/06\/Sport-Adapt\u00e9-Para-Foot-002.jpg 409w, https:\/\/cdos82.fr\/wp-content\/uploads\/2022\/06\/Sport-Adapt\u00e9-Para-Foot-002-231x300.jpg 231w\" sizes=\"auto, (max-width: 456px) 100vw, 456px\" \/><\/p>\n<p>&nbsp;<\/p>\n<p><img loading=\"lazy\" decoding=\"async\" class=\"aligncenter size-full wp-image-3240\" src=\"http:\/\/cdos82.fr\/wp-content\/uploads\/2022\/06\/Sport-Adapt\u00e9-Logo.jpg\" alt=\"\" width=\"400\" height=\"150\" srcset=\"https:\/\/cdos82.fr\/wp-content\/uploads\/2022\/06\/Sport-Adapt\u00e9-Logo.jpg 400w, https:\/\/cdos82.fr\/wp-content\/uploads\/2022\/06\/Sport-Adapt\u00e9-Logo-300x113.jpg 300w\" sizes=\"auto, (max-width: 400px) 100vw, 400px\" \/><img loading=\"lazy\" decoding=\"async\" class=\"aligncenter wp-image-3241\" src=\"http:\/\/cdos82.fr\/wp-content\/uploads\/2022\/06\/Sport-Adapt\u00e9-Logo-SAJ.jpg\" alt=\"\" width=\"171\" height=\"171\" srcset=\"https:\/\/cdos82.fr\/wp-content\/uploads\/2022\/06\/Sport-Adapt\u00e9-Logo-SAJ.jpg 413w, https:\/\/cdos82.fr\/wp-content\/uploads\/2022\/06\/Sport-Adapt\u00e9-Logo-SAJ-300x300.jpg 300w, https:\/\/cdos82.fr\/wp-content\/uploads\/2022\/06\/Sport-Adapt\u00e9-Logo-SAJ-150x150.jpg 150w, https:\/\/cdos82.fr\/wp-content\/uploads\/2022\/06\/Sport-Adapt\u00e9-Logo-SAJ-200x200.jpg 200w, https:\/\/cdos82.fr\/wp-content\/uploads\/2022\/06\/Sport-Adapt\u00e9-Logo-SAJ-400x400.jpg 400w\" sizes=\"auto, (max-width: 171px) 100vw, 171px\" \/><\/p>\n<p>&nbsp;<\/p>\n<div class=\"ezcol ezcol-one-half ezcol-last\">\n<p>&nbsp;<\/p>\n<p>&nbsp;<\/p>\n<\/div>\n<p>&nbsp;<\/p>\n<p>&nbsp;<\/p>\n<p>&nbsp;<\/p>\n<p>&nbsp;<\/p>\n<p style=\"text-align: center;\">\n","protected":false},"excerpt":{"rendered":"<p>Championnat de France de Para-Foot Sport Adapt\u00e9 Jeunes du 28 au 30 juin \u00e0 Montauban<\/p>\n","protected":false},"author":1,"featured_media":3244,"comment_status":"closed","ping_status":"open","sticky":false,"template":"","format":"standard","meta":{"footnotes":""},"categories":[2],"tags":[],"class_list":["post-3239","post","type-post","status-publish","format-standard","has-post-thumbnail","hentry","category-blog"],"_links":{"self":[{"href":"https:\/\/cdos82.fr\/index.php?rest_route=\/wp\/v2\/posts\/3239","targetHints":{"allow":["GET"]}}],"collection":[{"href":"https:\/\/cdos82.fr\/index.php?rest_route=\/wp\/v2\/posts"}],"about":[{"href":"https:\/\/cdos82.fr\/index.php?rest_route=\/wp\/v2\/types\/post"}],"author":[{"embeddable":true,"href":"https:\/\/cdos82.fr\/index.php?rest_route=\/wp\/v2\/users\/1"}],"replies":[{"embeddable":true,"href":"https:\/\/cdos82.fr\/index.php?rest_route=%2Fwp%2Fv2%2Fcomments&post=3239"}],"version-history":[{"count":1,"href":"https:\/\/cdos82.fr\/index.php?rest_route=\/wp\/v2\/posts\/3239\/revisions"}],"predecessor-version":[{"id":3245,"href":"https:\/\/cdos82.fr\/index.php?rest_route=\/wp\/v2\/posts\/3239\/revisions\/3245"}],"wp:featuredmedia":[{"embeddable":true,"href":"https:\/\/cdos82.fr\/index.php?rest_route=\/wp\/v2\/media\/3244"}],"wp:attachment":[{"href":"https:\/\/cdos82.fr\/index.php?rest_route=%2Fwp%2Fv2%2Fmedia&parent=3239"}],"wp:term":[{"taxonomy":"category","embeddable":true,"href":"https:\/\/cdos82.fr\/index.php?rest_route=%2Fwp%2Fv2%2Fcategories&post=3239"},{"taxonomy":"post_tag","embeddable":true,"href":"https:\/\/cdos82.fr\/index.php?rest_route=%2Fwp%2Fv2%2Ftags&post=3239"}],"curies":[{"name":"wp","href":"https:\/\/api.w.org\/{rel}","templated":true}]}}