{"id":3262,"date":"2022-07-08T10:39:52","date_gmt":"2022-07-08T08:39:52","guid":{"rendered":"http:\/\/cdos82.fr\/?p=3262"},"modified":"2022-11-24T12:07:37","modified_gmt":"2022-11-24T11:07:37","slug":"le-cdos-82-a-lhonneur-a-la-fete-des-sports-du-conseil-departemental","status":"publish","type":"post","link":"https:\/\/cdos82.fr\/?p=3262","title":{"rendered":"Le CDOS 82 \u00e0 l&rsquo;honneur \u00e0 la f\u00eate des sports du Conseil D\u00e9partemental"},"content":{"rendered":"<h2 style=\"text-align: center;\">La f\u00eate des Sports du D\u00e9partement du Tarn et Garonne a eu lieu le mardi 5 juillet dernier<\/h2>\n<h2 style=\"text-align: center;\">dans le parc du Ch\u00e2teau Montauriol du Conseil D\u00e9partemental.<\/h2>\n<p>&nbsp;<\/p>\n<p><img loading=\"lazy\" decoding=\"async\" class=\"aligncenter wp-image-3263\" src=\"http:\/\/cdos82.fr\/wp-content\/uploads\/2022\/07\/Fete-Sports-05072022-001.jpg\" alt=\"\" width=\"384\" height=\"278\" srcset=\"https:\/\/cdos82.fr\/wp-content\/uploads\/2022\/07\/Fete-Sports-05072022-001.jpg 597w, https:\/\/cdos82.fr\/wp-content\/uploads\/2022\/07\/Fete-Sports-05072022-001-300x217.jpg 300w\" sizes=\"auto, (max-width: 384px) 100vw, 384px\" \/><\/p>\n<p>Le CDOS du Tarn et Garonne a \u00e9t\u00e9 mis en lumi\u00e8re lors de cette c\u00e9r\u00e9monie avec la remise d&rsquo;une r\u00e9compense pour les deux personnes embl\u00e9matiques du Comit\u00e9.<\/p>\n<p>Le Pr\u00e9sident Jean-Claude BARDET et le Secr\u00e9taire G\u00e9n\u00e9ral G\u00e9rard BONNET ont, en effet, re\u00e7u des mains du Pr\u00e9sident du D\u00e9partement Michel WEILL, une r\u00e9compense en juste retour de leur engagement et de leurs actions en direction de l&rsquo;ensemble du mouvement sportif Tarn et Garonnais.<\/p>\n<p>G\u00e9rard BONNET re\u00e7oit ci dessous sa m\u00e9daille en tant que laur\u00e9at du Prix du D\u00e9vouement dans la cat\u00e9gorie \u00ab\u00a0Dirigeant-B\u00e9n\u00e9vole\u00a0\u00bb et Jean-Claude BARDET la sienne pour l&rsquo;ensemble de son \u0153uvre dans la m\u00eame cat\u00e9gorie.<\/p>\n<p><img loading=\"lazy\" decoding=\"async\" class=\"wp-image-3269 aligncenter\" src=\"http:\/\/cdos82.fr\/wp-content\/uploads\/2022\/07\/Fete-Sports-05072022-018.jpg\" alt=\"\" width=\"569\" height=\"444\" srcset=\"https:\/\/cdos82.fr\/wp-content\/uploads\/2022\/07\/Fete-Sports-05072022-018.jpg 748w, https:\/\/cdos82.fr\/wp-content\/uploads\/2022\/07\/Fete-Sports-05072022-018-300x234.jpg 300w\" sizes=\"auto, (max-width: 569px) 100vw, 569px\" \/><\/p>\n<p><img loading=\"lazy\" decoding=\"async\" class=\"aligncenter wp-image-3264 size-full\" src=\"https:\/\/cdos82.fr\/wp-content\/uploads\/2022\/07\/Fete-Sports-05072022-004.jpg\" alt=\"\" width=\"402\" height=\"384\" srcset=\"https:\/\/cdos82.fr\/wp-content\/uploads\/2022\/07\/Fete-Sports-05072022-004.jpg 402w, https:\/\/cdos82.fr\/wp-content\/uploads\/2022\/07\/Fete-Sports-05072022-004-300x287.jpg 300w\" sizes=\"auto, (max-width: 402px) 100vw, 402px\" \/><\/p>\n<p>&nbsp;<\/p>\n<p>Il est \u00e0 noter \u00e9galement, que Valentin BARRAU, Pr\u00e9sident du Montauban Natation 82 et membre du Bureau du CDOS 82, a lui aussi re\u00e7u une coupe toujours dans la cat\u00e9gorie \u00ab\u00a0Dirigeant-B\u00e9n\u00e9vole\u00a0\u00bb.<\/p>\n<p><img loading=\"lazy\" decoding=\"async\" class=\"wp-image-3265 alignleft\" src=\"http:\/\/cdos82.fr\/wp-content\/uploads\/2022\/07\/Fete-Sports-05072022-005.jpg\" alt=\"\" width=\"341\" height=\"256\" srcset=\"https:\/\/cdos82.fr\/wp-content\/uploads\/2022\/07\/Fete-Sports-05072022-005.jpg 478w, https:\/\/cdos82.fr\/wp-content\/uploads\/2022\/07\/Fete-Sports-05072022-005-300x225.jpg 300w\" sizes=\"auto, (max-width: 341px) 100vw, 341px\" \/><img loading=\"lazy\" decoding=\"async\" class=\"wp-image-3267 alignleft\" src=\"http:\/\/cdos82.fr\/wp-content\/uploads\/2022\/07\/Fete-Sports-05072022-008.jpg\" alt=\"\" width=\"329\" height=\"252\" srcset=\"https:\/\/cdos82.fr\/wp-content\/uploads\/2022\/07\/Fete-Sports-05072022-008.jpg 611w, https:\/\/cdos82.fr\/wp-content\/uploads\/2022\/07\/Fete-Sports-05072022-008-300x230.jpg 300w\" sizes=\"auto, (max-width: 329px) 100vw, 329px\" \/><img loading=\"lazy\" decoding=\"async\" class=\"wp-image-3266 alignleft\" src=\"http:\/\/cdos82.fr\/wp-content\/uploads\/2022\/07\/Fete-Sports-05072022-007.jpg\" alt=\"\" width=\"275\" height=\"251\" srcset=\"https:\/\/cdos82.fr\/wp-content\/uploads\/2022\/07\/Fete-Sports-05072022-007.jpg 527w, https:\/\/cdos82.fr\/wp-content\/uploads\/2022\/07\/Fete-Sports-05072022-007-300x273.jpg 300w\" sizes=\"auto, (max-width: 275px) 100vw, 275px\" \/><\/p>\n<p>&nbsp;<\/p>\n<p>&nbsp;<\/p>\n<p>&nbsp;<\/p>\n<p>&nbsp;<\/p>\n<p>&nbsp;<\/p>\n<p>&nbsp;<\/p>\n<p>&nbsp;<\/p>\n<p><img loading=\"lazy\" decoding=\"async\" class=\"wp-image-2433 aligncenter\" src=\"http:\/\/cdos82.fr\/wp-content\/uploads\/2017\/09\/cdos_82_logo-1.jpg\" alt=\"\" width=\"279\" height=\"312\" srcset=\"https:\/\/cdos82.fr\/wp-content\/uploads\/2017\/09\/cdos_82_logo-1.jpg 1524w, https:\/\/cdos82.fr\/wp-content\/uploads\/2017\/09\/cdos_82_logo-1-269x300.jpg 269w, https:\/\/cdos82.fr\/wp-content\/uploads\/2017\/09\/cdos_82_logo-1-768x857.jpg 768w, https:\/\/cdos82.fr\/wp-content\/uploads\/2017\/09\/cdos_82_logo-1-918x1024.jpg 918w\" sizes=\"auto, (max-width: 279px) 100vw, 279px\" \/><\/p>\n<p><img loading=\"lazy\" decoding=\"async\" class=\" wp-image-3268 aligncenter\" src=\"http:\/\/cdos82.fr\/wp-content\/uploads\/2022\/07\/Fete-Sports-05072022-011.jpg\" alt=\"\" width=\"188\" height=\"196\" srcset=\"https:\/\/cdos82.fr\/wp-content\/uploads\/2022\/07\/Fete-Sports-05072022-011.jpg 319w, https:\/\/cdos82.fr\/wp-content\/uploads\/2022\/07\/Fete-Sports-05072022-011-287x300.jpg 287w\" sizes=\"auto, (max-width: 188px) 100vw, 188px\" \/><\/p>\n<p style=\"text-align: center;\">\n","protected":false},"excerpt":{"rendered":"<p>La grande soir\u00e9e des r\u00e9compenses du Sport Tarn et Garonnais est de retour !<\/p>\n","protected":false},"author":1,"featured_media":3270,"comment_status":"closed","ping_status":"open","sticky":false,"template":"","format":"standard","meta":{"footnotes":""},"categories":[2],"tags":[],"class_list":["post-3262","post","type-post","status-publish","format-standard","has-post-thumbnail","hentry","category-blog"],"_links":{"self":[{"href":"https:\/\/cdos82.fr\/index.php?rest_route=\/wp\/v2\/posts\/3262","targetHints":{"allow":["GET"]}}],"collection":[{"href":"https:\/\/cdos82.fr\/index.php?rest_route=\/wp\/v2\/posts"}],"about":[{"href":"https:\/\/cdos82.fr\/index.php?rest_route=\/wp\/v2\/types\/post"}],"author":[{"embeddable":true,"href":"https:\/\/cdos82.fr\/index.php?rest_route=\/wp\/v2\/users\/1"}],"replies":[{"embeddable":true,"href":"https:\/\/cdos82.fr\/index.php?rest_route=%2Fwp%2Fv2%2Fcomments&post=3262"}],"version-history":[{"count":7,"href":"https:\/\/cdos82.fr\/index.php?rest_route=\/wp\/v2\/posts\/3262\/revisions"}],"predecessor-version":[{"id":3380,"href":"https:\/\/cdos82.fr\/index.php?rest_route=\/wp\/v2\/posts\/3262\/revisions\/3380"}],"wp:featuredmedia":[{"embeddable":true,"href":"https:\/\/cdos82.fr\/index.php?rest_route=\/wp\/v2\/media\/3270"}],"wp:attachment":[{"href":"https:\/\/cdos82.fr\/index.php?rest_route=%2Fwp%2Fv2%2Fmedia&parent=3262"}],"wp:term":[{"taxonomy":"category","embeddable":true,"href":"https:\/\/cdos82.fr\/index.php?rest_route=%2Fwp%2Fv2%2Fcategories&post=3262"},{"taxonomy":"post_tag","embeddable":true,"href":"https:\/\/cdos82.fr\/index.php?rest_route=%2Fwp%2Fv2%2Ftags&post=3262"}],"curies":[{"name":"wp","href":"https:\/\/api.w.org\/{rel}","templated":true}]}}