{"id":4037,"date":"2026-09-01T16:31:54","date_gmt":"2026-09-01T14:31:54","guid":{"rendered":"https:\/\/cdos82.fr\/?p=4037"},"modified":"2026-09-01T16:31:54","modified_gmt":"2026-09-01T14:31:54","slug":"septembre-bouge-le-nouveau-rendez-vous-de-la-rentree-dedie-a-lactivite-physique-et-sportive","status":"publish","type":"post","link":"https:\/\/cdos82.fr\/?p=4037","title":{"rendered":"SEPTEMBRE BOUGE, LE NOUVEAU RENDEZ-VOUS DE LA RENTR\u00c9E D\u00c9DI\u00c9 \u00c0 L\u2019ACTIVIT\u00c9 PHYSIQUE ET SPORTIVE"},"content":{"rendered":"<p>\u00c0 partir de septembre 2026, Septembre Bouge devient le nouveau rendez-vous national d\u00e9di\u00e9 \u00e0 la promotion de l&rsquo;activit\u00e9 physique et sportive.<\/p>\n<p>Par ce dispositif d\u00e9di\u00e9 au sport-sant\u00e9, le Gouvernement souhaite cr\u00e9er une dynamique pour encourager les Fran\u00e7aises et les Fran\u00e7ais \u00e0 reprendre ou \u00e0 poursuivre une activit\u00e9 r\u00e9guli\u00e8re et durable, accessible \u00e0 tous, quels que soient l\u2019\u00e2ge, le niveau de pratique ou le lieu de vie.<\/p>\n<p>Cette mobilisation r\u00e9pond \u00e0 un enjeu majeur de sant\u00e9 publique. Face \u00e0 la progression de la s\u00e9dentarit\u00e9, l\u2019activit\u00e9 physique constitue un levier essentiel de pr\u00e9vention, au b\u00e9n\u00e9fice de la sant\u00e9 physique comme de la sant\u00e9 mentale.<\/p>\n<p>\u00c0 chaque rentr\u00e9e, Septembre Bouge installera l\u2019activit\u00e9 physique comme un \u201cr\u00e9flexe sant\u00e9\u201d en rappelant un message essentiel : 30 minutes d\u2019activit\u00e9 physique et sportive par jour permettent d\u2019entretenir sa forme et pr\u00e9server sa sant\u00e9 physique comme mentale. Il permettra \u00e9galement de faire perdurer l\u2019esprit et l\u2019h\u00e9ritage des Jeux de Paris 2024.<\/p>\n<p>Tout au long du mois, la France vibrera au rythme de Septembre Bouge avec des \u00e9v\u00e9nements sur l\u2019ensemble du territoire. Partout, des villages sport-sant\u00e9, gratuits et ouverts \u00e0 tous, permettront de bouger, de s\u2019informer et de trouver une pratique adapt\u00e9e \u00e0 chacun.<\/p>\n<p>\u00c9labor\u00e9e en collaboration \u00e9troite avec les collectivit\u00e9s, le mouvement sportif, les acteurs de la sant\u00e9, les partenaires de l\u2019op\u00e9ration et les services de l\u2019\u00c9tat, une tourn\u00e9e Septembre Bouge sillonnera \u00e9galement la France pendant pr\u00e8s d\u2019un mois \u00e0 travers 18 villes-\u00e9tapes. De l\u2019Hexagone aux Outre-mer, elle ira au plus pr\u00e8s des Fran\u00e7aises et des Fran\u00e7ais pour promouvoir l\u2019activit\u00e9 physique et sportive comme levier de sant\u00e9, de bien-\u00eatre et de coh\u00e9sion sociale.<\/p>\n<p>Tous les \u00e9v\u00e9nements seront valoris\u00e9s via une <a href=\"https:\/\/www.sports.gouv.fr\/septembre-bouge-2026\">carte interactive<\/a><u>.<\/u><\/p>\n<p>Point d\u2019orgue de Septembre Bouge, la deuxi\u00e8me \u00e9dition de la F\u00eate du Sport se vivra \u00e0 nouveau sur l\u2019ensemble du territoire le lundi 14 septembre prochain. En ouverture de semaine, de nombreuses actions seront organis\u00e9es dans les \u00e9coles et \u00e9tablissements scolaires et du sup\u00e9rieur, en entreprise, ainsi qu\u2019\u00e0 destination du grand public en fin de journ\u00e9e.<\/p>\n","protected":false},"excerpt":{"rendered":"<p>\u00c0 partir de septembre 2026, Septembre Bouge devient le nouveau rendez-vous national d\u00e9di\u00e9 \u00e0 la promotion de l&rsquo;activit\u00e9 physique et sportive. Par ce dispositif d\u00e9di\u00e9 au sport-sant\u00e9, le Gouvernement souhaite cr\u00e9er une dynamique pour encourager les Fran\u00e7aises et les Fran\u00e7ais \u00e0 reprendre ou \u00e0 poursuivre une activit\u00e9 r\u00e9guli\u00e8re et durable, accessible \u00e0 tous, quels que [&hellip;]<\/p>\n","protected":false},"author":1,"featured_media":4038,"comment_status":"open","ping_status":"open","sticky":false,"template":"","format":"standard","meta":{"footnotes":""},"categories":[2],"tags":[],"class_list":["post-4037","post","type-post","status-publish","format-standard","has-post-thumbnail","hentry","category-blog"],"_links":{"self":[{"href":"https:\/\/cdos82.fr\/index.php?rest_route=\/wp\/v2\/posts\/4037","targetHints":{"allow":["GET"]}}],"collection":[{"href":"https:\/\/cdos82.fr\/index.php?rest_route=\/wp\/v2\/posts"}],"about":[{"href":"https:\/\/cdos82.fr\/index.php?rest_route=\/wp\/v2\/types\/post"}],"author":[{"embeddable":true,"href":"https:\/\/cdos82.fr\/index.php?rest_route=\/wp\/v2\/users\/1"}],"replies":[{"embeddable":true,"href":"https:\/\/cdos82.fr\/index.php?rest_route=%2Fwp%2Fv2%2Fcomments&post=4037"}],"version-history":[{"count":1,"href":"https:\/\/cdos82.fr\/index.php?rest_route=\/wp\/v2\/posts\/4037\/revisions"}],"predecessor-version":[{"id":4039,"href":"https:\/\/cdos82.fr\/index.php?rest_route=\/wp\/v2\/posts\/4037\/revisions\/4039"}],"wp:featuredmedia":[{"embeddable":true,"href":"https:\/\/cdos82.fr\/index.php?rest_route=\/wp\/v2\/media\/4038"}],"wp:attachment":[{"href":"https:\/\/cdos82.fr\/index.php?rest_route=%2Fwp%2Fv2%2Fmedia&parent=4037"}],"wp:term":[{"taxonomy":"category","embeddable":true,"href":"https:\/\/cdos82.fr\/index.php?rest_route=%2Fwp%2Fv2%2Fcategories&post=4037"},{"taxonomy":"post_tag","embeddable":true,"href":"https:\/\/cdos82.fr\/index.php?rest_route=%2Fwp%2Fv2%2Ftags&post=4037"}],"curies":[{"name":"wp","href":"https:\/\/api.w.org\/{rel}","templated":true}]}}